{"viewingHint":"paged","attribution":"Universit\u00e4ts- und Landesbibliothek","service":[],"structures":[{"ranges":["https://digital.ulb.hhu.de/i3f/v20/5723049/range/5723049"],"viewingHint":"top","@id":"https://digital.ulb.hhu.de/i3f/v20/5723049/range/5109746","@type":"sc:Range","label":"Table of Contents"},{"canvases":["https://digital.ulb.hhu.de/i3f/v20/5723049/canvas/5886901","https://digital.ulb.hhu.de/i3f/v20/5723049/canvas/5886902","https://digital.ulb.hhu.de/i3f/v20/5723049/canvas/5886903"],"@id":"https://digital.ulb.hhu.de/i3f/v20/5723049/range/5723049","@type":"sc:Range","label":"D\u00fcsseldorf, Alter Friedhof, Grabmal M. Fr. Weyhe, gest. 25. Okt. 1840"}],"sequences":[{"canvases":[{"height":4102,"width":3216,"images":[{"resource":{"service":{"profile":"http://iiif.io/api/image/2/level2.json","@context":"http://iiif.io/api/image/2/context.json","@id":"https://digital.ulb.hhu.de/i3f/v20/5886901"},"format":"image/jpeg","height":1275,"width":1000,"@id":"https://digital.ulb.hhu.de/download/webcache/1000/5886901","@type":"dctypes:Image"},"on":"https://digital.ulb.hhu.de/i3f/v20/5723049/canvas/5886901","motivation":"sc:painting","@id":"https://digital.ulb.hhu.de/i3f/v20/5723049/annotation/5886901","@type":"oa:Annotation"}],"label":"[1]","@id":"https://digital.ulb.hhu.de/i3f/v20/5723049/canvas/5886901","@type":"sc:Canvas"},{"height":4102,"width":3216,"images":[{"resource":{"service":{"profile":"http://iiif.io/api/image/2/level2.json","@context":"http://iiif.io/api/image/2/context.json","@id":"https://digital.ulb.hhu.de/i3f/v20/5886902"},"format":"image/jpeg","height":1275,"width":1000,"@id":"https://digital.ulb.hhu.de/download/webcache/1000/5886902","@type":"dctypes:Image"},"on":"https://digital.ulb.hhu.de/i3f/v20/5723049/canvas/5886902","motivation":"sc:painting","@id":"https://digital.ulb.hhu.de/i3f/v20/5723049/annotation/5886902","@type":"oa:Annotation"}],"label":"[2]","@id":"https://digital.ulb.hhu.de/i3f/v20/5723049/canvas/5886902","@type":"sc:Canvas"},{"height":4102,"width":3216,"images":[{"resource":{"service":{"profile":"http://iiif.io/api/image/2/level2.json","@context":"http://iiif.io/api/image/2/context.json","@id":"https://digital.ulb.hhu.de/i3f/v20/5886903"},"format":"image/jpeg","height":1275,"width":1000,"@id":"https://digital.ulb.hhu.de/download/webcache/1000/5886903","@type":"dctypes:Image"},"on":"https://digital.ulb.hhu.de/i3f/v20/5723049/canvas/5886903","motivation":"sc:painting","@id":"https://digital.ulb.hhu.de/i3f/v20/5723049/annotation/5886903","@type":"oa:Annotation"}],"label":"[3]","@id":"https://digital.ulb.hhu.de/i3f/v20/5723049/canvas/5886903","@type":"sc:Canvas"}],"viewingHint":"paged","startCanvas":"https://digital.ulb.hhu.de/i3f/v20/5723049/canvas/5886901","viewingDirection":"left-to-right","label":"Current Page Order","@context":"http://iiif.io/api/presentation/2/context.json","@id":"https://digital.ulb.hhu.de/i3f/v20/5723049/sequence/normal","@type":"sc:Sequence"}],"label":"Einzelbilder vom Niederrhein: D\u00fcsseldorf, Alter Friedhof, Grabmal M. Fr. Weyhe, gest. 25. Okt. 1840","thumbnail":{"width":304,"height":387,"@id":"https://digital.ulb.hhu.de/i3f/v21/5886901/full/304/0/default.jpg","@type":"dctypes:Image","format":"image/jpeg"},"logo":{"@id":"https://digital.ulb.hhu.de/domainresource/static/graphics/connectors/viewerLogo.gif","service":{"profile":"http://iiif.io/api/image/2/level2.json","@context":"http://iiif.io/api/image/2/context.json","@id":"http://www.ub.uni-duesseldorf.de"}},"@context":"http://iiif.io/api/presentation/2/context.json","metadata":[{"value":"Einzelbilder vom Niederrhein : zur Pflege der Heimatkunst","label":"Gesamttitel"},{"value":"D\u00fcsseldorf, Alter Friedhof, Grabmal M. Fr. Weyhe, gest. 25. Okt. 1840","label":"Titel"},{"value":"Quedenfeldt, Erwin","label":"Beteiligte Person(en)"},{"value":"D\u00fcsseldorf : Quedenfeldt, 1911","label":"Erschienen"},{"value":"Bildliche Darstellung","label":"Ausgabe"},{"value":"1 Foto ; 24 x 18 cm","label":"Umfang"},{"value":"Einzelbilder vom Niederrhein ; 556 : Serie 3. Hrsg. v. Erwin Quedenfeldt. D\u00fcsseldorf : Selbstverl., 1909D\u00fcsseldorf : Universit\u00e4ts- und Landesbibliothek, 2013","label":"Serie"},{"value":"D\u00fcsseldorf : Universit\u00e4ts- und Landesbibliothek, 2013","label":"Online-Ausgabe"},{"value":"urn:nbn:de:hbz:061:1-252159","label":"URN"}],"@id":"https://digital.ulb.hhu.de/i3f/v20/5723049/manifest","@type":"sc:Manifest","seeAlso":{"format":"application/xml","@id":"https://digital.ulb.hhu.de/oai?verb=GetRecord&metadataPrefix=mets&identifier=5723049","label":"METS"}}